{"id":495,"date":"2023-03-06T10:34:30","date_gmt":"2023-03-06T09:34:30","guid":{"rendered":"http:\/\/www.canoekayak-lemans.net\/?p=495"},"modified":"2023-03-27T10:35:45","modified_gmt":"2023-03-27T08:35:45","slug":"histoire-du-ckcm","status":"publish","type":"post","link":"http:\/\/www.canoekayak-lemans.net\/index.php\/2023\/03\/06\/histoire-du-ckcm\/","title":{"rendered":"Histoire du CKCM"},"content":{"rendered":"\n<p>Naissance du Cano\u00eb-Kayak Club du MANS<\/p>\n\n\n\n<p><strong><a rel=\"noreferrer noopener\" href=\"http:\/\/www.canoekayak-lemans.net\/index.php\/2022\/06\/10\/jacques-chardon-et-le-ckcm\/\" target=\"_blank\">Article R\u00e9dig\u00e9 par Jacques Chardon<\/a><\/strong><\/p>\n\n\n\n<p>Depuis mars 1964, des cano\u00e9istes se rencontrent r\u00e9guli\u00e8rement sur nos cours d&rsquo;eau r\u00e9gionaux Sarthe, Colmont, Rouvre, Orne.Tous sont \u00e9pris de comp\u00e9tition mais d\u00e9pendent de diff\u00e9rents groupes et de diff\u00e9rentes assurances, m\u00eame \u00e0 l&rsquo;int\u00e9rieur d&rsquo;un m\u00eame groupe. Il y a l\u00e0 principalement deux groupes, le clan \u00a0\u00bbviking\u00a0\u00bb des \u00e9claireurs de France et une partie de la section cano\u00eb du comit\u00e9 l&rsquo;\u00e9tablissement Renault.  Ces derniers auraient pu disposer de mat\u00e9riel et d&rsquo; effectif important de personnes mais la comp\u00e9tition n&rsquo;y \u00e9tait que tol\u00e9r\u00e9e et les embarcations personnelles n&rsquo;\u00e9taient pas accept\u00e9es dans les locaux du C.E.du Mans. C\u00f4t\u00e9 Vikings, leur base nautique \u00e9tait situ\u00e9e dans un endroit accueillant au nord du Mans, l&rsquo;ancienne baignade \u00ab\u00a0Les Ondines\u00a0\u00bb. Comme leurs homologues de Renault, ils se procuraient seul leur mat\u00e9riel de comp\u00e9tition.  lls \u00e9taient  aussi inscrits dans diff\u00e9rentes associations comme le cano\u00eb-kayak club de France, le Touring club de France. Avec la mont\u00e9e des effectifs sur le plan national les&nbsp; accidents se multiplient et la f\u00e9d\u00e9ration Fran\u00e7aise est oblig\u00e9e de durcir ses r\u00e8glements. La licence des\u00a0\u00bbRenault\u00a0\u00bb n&rsquo;est pas reconnue comme valable, pas plus que l&rsquo;assurance \u00a0\u00bb Eclaireur de France\u00a0\u00bb. Autres d\u00e9sagr\u00e9ments les embarcations les plus pris\u00e9es&nbsp; \u00e9manent de quelques priv\u00e9s qui louent leurs moules \u00e0 un club mais pas \u00e0 une&nbsp; personne. Autres probl\u00e8mes les Eclaireurs sont inform\u00e9s qu&rsquo;ils devront abandonner leurs locaux dans un avenir assez proche. Pour pr\u00e9tendre \u00e0 retrouver un local et b\u00e9n\u00e9ficier d&rsquo;une cr\u00e9dibilit\u00e9 des fournisseurs et des organisateurs, il n&rsquo;y a pas d&rsquo;autre alternative que de se regrouper officiellement. A la fin de l&rsquo;ann\u00e9e 1965 Jean-claude Richet propose donc \u00e0 ses comp\u00e8res de \u00ab\u00a0loisirs et culture\u00a0\u00bb (nom de la section dont d\u00e9pendent les \u00ab\u00a0cano\u00ebistes Renault \u00ab\u00a0de former le Cano\u00eb-kayak club du Mans . Il faut dix personnes majeures pour pr\u00e9tendre constituer une association loi 1901 disait-on. Six \u00e9claireurs, trois \u00ab\u00a0Renault\u00a0\u00bb le compte y \u00e9tait presque et les gens du Touring club de France de Fresnay-sur-sarthe nous avaient fait savoir qu&rsquo;ils se joindraient \u00e0 nous si un club se formait officiellement. A la fin septembre, le mot est&nbsp; pass\u00e9 : Rendez-vous au caf\u00e9 du haut de la rue Nationale, on nous pr\u00eate la salle du premier \u00e9tage ! Des r\u00e8glements int\u00e9rieurs\u00a0\u00bbRenault\u00a0\u00bb et COP sont examin\u00e9s, nos propres statuts sont \u00e9tablis, nous for\u00e7ons la main \u00e0 une accompagnatrice pour \u00eatre la dixi\u00e8me majeure et le comit\u00e9 directeur est constitu\u00e9, avec pour pr\u00e9sident J.C.RICHET. Au Journal officiel du 2 octobre 1965, le C.K.C.M.devient l\u00e9gal sous le num\u00e9ro 2671. D\u00e8s le d\u00e9but 1965, un chroniqueur du mensuel \u00ab\u00a0La rivi\u00e8re\u00a0\u00bb posait la question : Le MANS va-t-il devenir un nouveau centre du cano\u00eb-kayak? pr\u00e9monitoire? Certainement. La r\u00e9ponse allait \u00eatre \u00e9clatante en 1967 l&rsquo;\u00e9quipage Esnard-Tournadre se s\u00e9lectionne pour les championnats du monde en Tch\u00e8quoslovaquie  (descente) et aux mondiaux de 1969, sur l&rsquo;ls\u00e8re, ils deviennent champions du monde par \u00e9quipe avec en prime, la m\u00e9daille d&rsquo;argent de la deuxi\u00e8me place de la descente individuelle. D&rsquo;autres titres nationaux suivront, et aussi avec d&rsquo;autres comp\u00e9titeurs dans diff\u00e9rentes cat\u00e9gories.<\/p>\n\n\n\n<p><\/p>\n\n\n\n<p><\/p>\n\n\n\n<p>Article r\u00e9dig\u00e9 par Freslon D. :<\/p>\n\n\n\n<p>Depuis le d\u00e9but du club, tous les ans, des comp\u00e9titeurs ont repr\u00e9sent\u00e9 le C.K.C.M aux Championnats de France. Pour d\u2019autres l\u2019aventure ne s\u2019est pas arr\u00eat\u00e9e \u00e0 nos fronti\u00e8res : participations aux championnats d\u2019Europe et du monde pour certains d\u2019entre eux. Pour certains la maxime \u00ab\u00a0Sportif un jour sportif toujours\u00a0\u00bb prend son sens, ils n&rsquo;ont pas h\u00e9sit\u00e9 \u00e0 gravir d&rsquo;autres sommets.<strong><a href=\"https:\/\/www.directvelo.com\/actualite\/100407\/celestin-guillon-passe-pro\" data-type=\"URL\" data-id=\"https:\/\/www.directvelo.com\/actualite\/100407\/celestin-guillon-passe-pro\" target=\"_blank\" rel=\"noreferrer noopener\"> CLIC ICI.<\/a><\/strong><\/p>\n\n\n\n<p>Ces participations montrent la motivation des ces athl\u00e8tes car bien entendu dans notre discipline nous ne sommes pas professionnels. Ce sont des entra\u00eenements apr\u00e8s la journ\u00e9e de travail, des d\u00e9placements pay\u00e9s avec les deniers personnels&#8230;<\/p>\n\n\n\n<p>De plus parmi toutes ces personnes leur r\u00f4le dans le club ne s\u2019est pas arr\u00eat\u00e9 \u00e0 cet engagement de comp\u00e9titeurs, bien souvent ils occupaient un poste de pr\u00e9sident, secr\u00e9taire ou tr\u00e9sorier. Les comp\u00e9titeurs qui suivent ne sont pas les seuls qui ont repr\u00e9sent\u00e9 le CKCM,  j\u2019en ai sans aucun doute oubli\u00e9 mais ce sont ceux qui ont eu le plus de palmar\u00e8s.<\/p>\n\n\n\n<p>Cet article sera sans doute \u00ab\u00a0retouch\u00e9\u00a0\u00bbau fur et \u00e0 mesure que des r\u00e9sultats anciens seront retrouv\u00e9s.<\/p>\n\n\n\n<p>Dans le tableau en \u00ab\u00a0cliquant\u00a0\u00bb sur le non une vid\u00e9o o\u00f9 une photos du comp\u00e9titeur. <\/p>\n\n\n\n<p>Didier<\/p>\n\n\n\n<p>Lien vers articles<\/p>\n\n\n\n<figure class=\"wp-block-embed is-type-photo is-provider-flickr wp-block-embed-flickr\"><div class=\"wp-block-embed__wrapper\">\n<a href=\"https:\/\/www.flickr.com\/photos\/76550513@N06\/9173687616\/in\/album-72157634400688913\/\"><img loading=\"lazy\" decoding=\"async\" src=\"https:\/\/live.staticflickr.com\/7395\/9173687616_7dfaab4c52_z.jpg\" alt=\"ckcm\" width=\"640\" height=\"391\" \/><\/a>\n<\/div><\/figure>\n\n\n\n<figure class=\"wp-block-embed is-type-photo is-provider-flickr wp-block-embed-flickr\"><div class=\"wp-block-embed__wrapper\">\n<a href=\"https:\/\/www.flickr.com\/photos\/76550513@N06\/9173687540\/in\/album-72157634400688913\/\"><img loading=\"lazy\" decoding=\"async\" src=\"https:\/\/live.staticflickr.com\/3742\/9173687540_47f391d984_z.jpg\" alt=\"ckcm10\" width=\"640\" height=\"469\" \/><\/a>\n<\/div><\/figure>\n\n\n\n<figure class=\"wp-block-embed is-type-photo is-provider-flickr wp-block-embed-flickr\"><div class=\"wp-block-embed__wrapper\">\n<a href=\"https:\/\/www.flickr.com\/photos\/76550513@N06\/9173687264\/in\/album-72157634400688913\/\"><img loading=\"lazy\" decoding=\"async\" src=\"https:\/\/live.staticflickr.com\/7379\/9173687264_1d6f8ba2d0_c.jpg\" alt=\"ckcm11\" width=\"367\" height=\"800\" \/><\/a>\n<\/div><\/figure>\n\n\n\n<figure class=\"wp-block-embed is-type-photo is-provider-flickr wp-block-embed-flickr\"><div class=\"wp-block-embed__wrapper\">\n<a href=\"https:\/\/www.flickr.com\/photos\/76550513@N06\/9173687174\/in\/album-72157634400688913\/\"><img loading=\"lazy\" decoding=\"async\" src=\"https:\/\/live.staticflickr.com\/3665\/9173687174_a23a202770_c.jpg\" alt=\"ckcm13\" width=\"568\" height=\"800\" \/><\/a>\n<\/div><\/figure>\n\n\n\n<figure class=\"wp-block-table\"><table><tbody><tr><td>&nbsp;<\/td><td>National et Ch de France.<\/td><td>international.<\/td><\/tr><tr><td><strong><a rel=\"noreferrer noopener\" href=\"https:\/\/www.flickr.com\/photos\/76550513@N06\/9171336059\/in\/album-72157634400688913\/\" target=\"_blank\">Leclerc G\u00e9ral<\/a><a href=\"https:\/\/www.flickr.com\/photos\/76550513@N06\/9171336059\/in\/album-72157634400688913\/\">d K1<\/a> <\/strong>&nbsp;<\/td><td>&nbsp;Oui.<\/td><td>&nbsp;<\/td><\/tr><tr><td><strong><a rel=\"noreferrer noopener\" href=\"https:\/\/www.flickr.com\/photos\/76550513@N06\/9173558132\/in\/album-72157634400688913\/\" data-type=\"URL\" data-id=\"https:\/\/www.flickr.com\/photos\/76550513@N06\/9173558132\/in\/album-72157634400688913\/\" target=\"_blank\">Catherine et G\u00e9rald Leclerc C2 Mixte <\/a>&nbsp;<\/strong><\/td><td>&nbsp;Multi m\u00e9daill\u00e9 en C2.<\/td><td>&nbsp;<\/td><\/tr><tr><td><strong><a rel=\"noreferrer noopener\" href=\"https:\/\/www.flickr.com\/photos\/76550513@N06\/9171465249\/in\/album-72157634400688913\/\" data-type=\"URL\" data-id=\"https:\/\/www.flickr.com\/photos\/76550513@N06\/9171465249\/in\/album-72157634400688913\/\" target=\"_blank\">Michel Cotteeaux C1 <\/a>&nbsp;<\/strong><\/td><td>&nbsp;Oui.<\/td><td>&nbsp;<\/td><\/tr><tr><td><strong><a href=\"https:\/\/www.flickr.com\/photos\/76550513@N06\/9173738964\/in\/album-72157634400688913\/\" data-type=\"URL\" data-id=\"https:\/\/www.flickr.com\/photos\/76550513@N06\/9173738964\/in\/album-72157634400688913\/\" target=\"_blank\" rel=\"noreferrer noopener\">Lyda Cotteaux K1 <\/a><\/strong>&nbsp;<\/td><td>&nbsp;Oui.<\/td><td>&nbsp;<\/td><\/tr><tr><td><strong><a rel=\"noreferrer noopener\" href=\"https:\/\/www.flickr.com\/photos\/76550513@N06\/9171335103\/in\/album-72157634400688913\/\" data-type=\"URL\" data-id=\"https:\/\/www.flickr.com\/photos\/76550513@N06\/9171335103\/in\/album-72157634400688913\/\" target=\"_blank\">Michel et Lyda Cotteaux C2 Mixte<\/a><\/strong> &nbsp;<\/td><td>&nbsp;Multi m\u00e9daill\u00e9 en C2.<\/td><td>&nbsp;<\/td><\/tr><tr><td><strong><a href=\"https:\/\/www.flickr.com\/photos\/76550513@N06\/32040804554\/in\/album-72157678485326981\/\" data-type=\"URL\" data-id=\"https:\/\/www.flickr.com\/photos\/76550513@N06\/32040804554\/in\/album-72157678485326981\/\" target=\"_blank\" rel=\"noreferrer noopener\">Teddy Papin C1<\/a><\/strong> &nbsp;<\/td><td>&nbsp;Multi m\u00e9daill\u00e9 en C1 Sprint et classique.<\/td><td>&nbsp;<\/td><\/tr><tr><td><a href=\"https:\/\/www.youtube.com\/watch?v=CKM_uw-tl2k\" data-type=\"URL\" data-id=\"https:\/\/www.youtube.com\/watch?v=CKM_uw-tl2k\" target=\"_blank\" rel=\"noreferrer noopener\"><strong>Teddy Papin J\u00e9rome Launey C2<\/strong> <\/a>&nbsp; &nbsp;<\/td><td>Multi m\u00e9daill\u00e9 en C2 sprint et classique.<\/td><td>&nbsp;Master \u00e0 BSM.<\/td><\/tr><tr><td><strong><a href=\"https:\/\/www.flickr.com\/photos\/76550513@N06\/25080791410\/in\/album-72157634400688913\/\" data-type=\"URL\" data-id=\"https:\/\/www.flickr.com\/photos\/76550513@N06\/25080791410\/in\/album-72157634400688913\/\" target=\"_blank\" rel=\"noreferrer noopener\">Lilian Bizard C1<\/a><\/strong> &nbsp; &nbsp;<\/td><td>&nbsp;Oui.<\/td><td>&nbsp;<\/td><\/tr><tr><td><strong><a href=\"https:\/\/www.flickr.com\/photos\/76550513@N06\/9171335159\/in\/album-72157634400688913\/\" data-type=\"URL\" data-id=\"https:\/\/www.flickr.com\/photos\/76550513@N06\/9171335159\/in\/album-72157634400688913\/\" target=\"_blank\" rel=\"noreferrer noopener\">Bizard Lilian Freslon Didier C2<\/a><\/strong><br><\/td><td>&nbsp;3 Ch France,<br> 3\u00e8me coupe de France.<\/td><td>&nbsp;1 S\u00e9lection coupe d&rsquo;Europe sur la Cure.<\/td><\/tr><tr><td><a href=\"https:\/\/www.youtube.com\/watch?v=X40rYsxJzNk\" data-type=\"URL\" data-id=\"https:\/\/www.youtube.com\/watch?v=X40rYsxJzNk\" target=\"_blank\" rel=\"noreferrer noopener\"><strong>Julien Cotteaux K1<\/strong><\/a><\/td><td>&nbsp;Multi M\u00e9daill\u00e9 sp\u00e9cialiste du Sprint.<\/td><td>&nbsp;3\u00e8me par \u00e9quipe mondiaux \u00e0 Bala<\/td><\/tr><tr><td><strong><a href=\"https:\/\/www.flickr.com\/photos\/76550513@N06\/18665284912\/in\/album-72157653927566099\/\" data-type=\"URL\" data-id=\"https:\/\/www.flickr.com\/photos\/76550513@N06\/18665284912\/in\/album-72157653927566099\/\" target=\"_blank\" rel=\"noreferrer noopener\">Patrick Mirault K1 <\/a><\/strong>&nbsp;<\/td><td>&nbsp;oui.<\/td><td>&nbsp;<\/td><\/tr><tr><td><a href=\"https:\/\/www.flickr.com\/photos\/76550513@N06\/9171388123\/in\/album-72157636684576294\/\" data-type=\"URL\" data-id=\"https:\/\/www.flickr.com\/photos\/76550513@N06\/9171388123\/in\/album-72157636684576294\/\" target=\"_blank\" rel=\"noreferrer noopener\"><strong>Marchais J\u00e9rome K1<\/strong>\u00a0<\/a><\/td><td>&nbsp;oui.<\/td><td>\u00a0Multi m\u00e9daill\u00e9 en slalom et descente.<\/td><\/tr><tr><td><strong><a href=\"https:\/\/www.flickr.com\/photos\/76550513@N06\/9171467705\/in\/album-72157634400688913\/\" data-type=\"URL\" data-id=\"https:\/\/www.flickr.com\/photos\/76550513@N06\/9171467705\/in\/album-72157634400688913\/\" target=\"_blank\" rel=\"noreferrer noopener\">Marion Delpech C1<\/a><\/strong> &nbsp;<\/td><td>&nbsp;Premier C1 dame en 2009 issue d&rsquo;une \u00e9cole de pagaie.<\/td><td>&nbsp;<\/td><\/tr><tr><td><strong><a href=\"https:\/\/www.flickr.com\/photos\/76550513@N06\/9171402561\/in\/album-72157634400688913\/\" data-type=\"URL\" data-id=\"https:\/\/www.flickr.com\/photos\/76550513@N06\/9171402561\/in\/album-72157634400688913\/\" target=\"_blank\" rel=\"noreferrer noopener\">Emilie Launey<\/a><a href=\"https:\/\/www.flickr.com\/photos\/76550513@N06\/9171402561\/in\/album-72157634400688913\/\" data-type=\"URL\" data-id=\"https:\/\/www.flickr.com\/photos\/76550513@N06\/9171402561\/in\/album-72157634400688913\/\"> C1<\/a><\/strong> &nbsp;<\/td><td>&nbsp;Plusieurs titres en classique et sprint.<\/td><td>&nbsp;<\/td><\/tr><tr><td><strong><a href=\"https:\/\/www.flickr.com\/photos\/76550513@N06\/9173555266\/in\/album-72157634400688913\/\" data-type=\"URL\" data-id=\"https:\/\/www.flickr.com\/photos\/76550513@N06\/9173555266\/in\/album-72157634400688913\/\" target=\"_blank\" rel=\"noreferrer noopener\">Freslon Didier C1<\/a><\/strong><\/td><td>&nbsp;Oui.<\/td><td>&nbsp;<\/td><\/tr><tr><td><strong><a href=\"https:\/\/www.flickr.com\/photos\/76550513@N06\/32726461064\/in\/album-72157678240898874\/\" data-type=\"URL\" data-id=\"https:\/\/www.flickr.com\/photos\/76550513@N06\/32726461064\/in\/album-72157678240898874\/\" target=\"_blank\" rel=\"noreferrer noopener\">Chlo\u00e9 Dupic K1 <\/a><\/strong>&nbsp;<\/td><td>&nbsp;2\u00e8me en cadette CH de France 2009.<\/td><td>&nbsp;<\/td><\/tr><tr><td><strong><a href=\"https:\/\/www.flickr.com\/photos\/76550513@N06\/9173743104\/in\/album-72157634400688913\/\" data-type=\"URL\" data-id=\"https:\/\/www.flickr.com\/photos\/76550513@N06\/9173743104\/in\/album-72157634400688913\/\" target=\"_blank\" rel=\"noreferrer noopener\">Emilie Launey St\u00e9phane Rocton C2 Mixte<\/a><\/strong><\/td><td>multi m\u00e9daill\u00e9s aux CH de France Sprint et Classique.<\/td><td><\/td><\/tr><tr><td><strong><a href=\"https:\/\/www.youtube.com\/watch?v=OUHduJa9pWM\" data-type=\"URL\" data-id=\"https:\/\/www.youtube.com\/watch?v=OUHduJa9pWM\" target=\"_blank\" rel=\"noreferrer noopener\">Pauline Freslon K1<\/a><\/strong><\/td><td>&nbsp;Multi m\u00e9daill\u00e9e en classique et sprint.<\/td><td>1ere en ch d&rsquo;Europe et en Coupe du monde 2021.<\/td><\/tr><tr><td><strong><a href=\"https:\/\/www.youtube.com\/watch?v=rtA5_CFMz6I\" data-type=\"URL\" data-id=\"https:\/\/www.youtube.com\/watch?v=rtA5_CFMz6I\" target=\"_blank\" rel=\"noreferrer noopener\">Lisa Lebouc K1<\/a><\/strong><\/td><td>&nbsp;Oui.<\/td><td>&nbsp;Oui Augsbourg.<\/td><\/tr><tr><td><strong><a rel=\"noreferrer noopener\" href=\"https:\/\/www.flickr.com\/photos\/147814690@N04\/42898989584\/in\/album-72157696114899432\/\" data-type=\"URL\" data-id=\"https:\/\/www.flickr.com\/photos\/147814690@N04\/42898989584\/in\/album-72157696114899432\/\" target=\"_blank\">L<\/a><a href=\"https:\/\/www.youtube.com\/watch?v=bxOE9FdLZI0\" data-type=\"URL\" data-id=\"https:\/\/www.youtube.com\/watch?v=bxOE9FdLZI0\" target=\"_blank\" rel=\"noreferrer noopener\">ebouc Freslon 2CD<\/a><\/strong><\/td><td>&nbsp;5 titres de CH de France Classique et Sprint.<\/td><td>&nbsp;1ere \u00e0 Banja Luka (Slov\u00e9nie).<\/td><\/tr><tr><td><strong><a href=\"https:\/\/www.flickr.com\/photos\/76550513@N06\/33412984862\/in\/album-72157678240898874\/\" data-type=\"URL\" data-id=\"https:\/\/www.flickr.com\/photos\/76550513@N06\/33412984862\/in\/album-72157678240898874\/\" target=\"_blank\" rel=\"noreferrer noopener\">Papin Anais K1<\/a><\/strong> &nbsp;<\/td><td>&nbsp;Oui.<\/td><td>&nbsp;<\/td><\/tr><tr><td><strong><a href=\"https:\/\/www.flickr.com\/photos\/147814690@N04\/28421879348\/in\/album-72157667228683697\/\" data-type=\"URL\" data-id=\"https:\/\/www.flickr.com\/photos\/147814690@N04\/28421879348\/in\/album-72157667228683697\/\" target=\"_blank\" rel=\"noreferrer noopener\">Dupic Papin C2D<\/a><\/strong> &nbsp;<\/td><td>&nbsp;Oui.<\/td><td>&nbsp;<\/td><\/tr><tr><td><strong><a href=\"https:\/\/www.flickr.com\/photos\/76550513@N06\/24226251623\/in\/album-72157664179984892\/\" data-type=\"URL\" data-id=\"https:\/\/www.flickr.com\/photos\/76550513@N06\/24226251623\/in\/album-72157664179984892\/\" target=\"_blank\" rel=\"noreferrer noopener\">C\u00e9lestin Guilllon C1<\/a><\/strong> &nbsp;<\/td><td>&nbsp;Oui.<\/td><td>&nbsp;<\/td><\/tr><tr><td><strong><a href=\"https:\/\/www.flickr.com\/photos\/76550513@N06\/9407549632\/in\/album-72157634872360484\/\" data-type=\"URL\" data-id=\"https:\/\/www.flickr.com\/photos\/76550513@N06\/9407549632\/in\/album-72157634872360484\/\" target=\"_blank\" rel=\"noreferrer noopener\">Guillon Papin C2<\/a><\/strong><\/td><td>Multi m\u00e9daill\u00e9 aux Ch de France.<\/td><td><\/td><\/tr><tr><td><strong><a href=\"https:\/\/www.youtube.com\/watch?v=3xP401WME5E\" data-type=\"URL\" data-id=\"https:\/\/www.youtube.com\/watch?v=3xP401WME5E\" target=\"_blank\" rel=\"noreferrer noopener\">Papin C\u00e9dric C1<\/a><\/strong><\/td><td>oui.<\/td><td>3 participations aux Piges descentes 5(Pau, Pallaressa). <\/td><\/tr><tr><td><a rel=\"noreferrer noopener\" href=\"https:\/\/www.flickr.com\/photos\/76550513@N06\/11233726173\/in\/album-72157634872360484\/\" data-type=\"URL\" data-id=\"https:\/\/www.flickr.com\/photos\/76550513@N06\/11233726173\/in\/album-72157634872360484\/\" target=\"_blank\"><strong>C\u00e9lestin Guilllon C1 <\/strong><\/a>&nbsp;<\/td><td>Multi M\u00e9daill\u00e9.<\/td><td><\/td><\/tr><tr><td><strong><a href=\"https:\/\/www.flickr.com\/photos\/76550513@N06\/9171531161\/in\/album-72157636684318843\/\" data-type=\"URL\" data-id=\"https:\/\/www.flickr.com\/photos\/76550513@N06\/9171531161\/in\/album-72157636684318843\/\" target=\"_blank\" rel=\"noreferrer noopener\">Rideray Leroyer C2<\/a><\/strong><\/td><td>\u00e8me France descente Sprint Treignac.<\/td><td><\/td><\/tr><\/tbody><\/table><\/figure>\n","protected":false},"excerpt":{"rendered":"<p>Naissance du Cano\u00eb-Kayak Club du MANS Article R\u00e9dig\u00e9 par Jacques Chardon Depuis mars 1964, des cano\u00e9istes se rencontrent r\u00e9guli\u00e8rement sur nos cours d&rsquo;eau r\u00e9gionaux Sarthe, Colmont, Rouvre, Orne.Tous sont \u00e9pris de comp\u00e9tition mais d\u00e9pendent de diff\u00e9rents groupes et de diff\u00e9rentes assurances, m\u00eame \u00e0 l&rsquo;int\u00e9rieur d&rsquo;un m\u00eame groupe. Il y a l\u00e0 principalement deux groupes, le[&#8230;]<\/p>\n","protected":false},"author":1,"featured_media":0,"comment_status":"open","ping_status":"open","sticky":false,"template":"","format":"standard","meta":{"iawp_total_views":42,"footnotes":""},"categories":[4,1],"tags":[],"class_list":["post-495","post","type-post","status-publish","format-standard","hentry","category-histoire","category-non-classe","et-post-article","et-default-post-layout"],"_links":{"self":[{"href":"http:\/\/www.canoekayak-lemans.net\/index.php\/wp-json\/wp\/v2\/posts\/495","targetHints":{"allow":["GET"]}}],"collection":[{"href":"http:\/\/www.canoekayak-lemans.net\/index.php\/wp-json\/wp\/v2\/posts"}],"about":[{"href":"http:\/\/www.canoekayak-lemans.net\/index.php\/wp-json\/wp\/v2\/types\/post"}],"author":[{"embeddable":true,"href":"http:\/\/www.canoekayak-lemans.net\/index.php\/wp-json\/wp\/v2\/users\/1"}],"replies":[{"embeddable":true,"href":"http:\/\/www.canoekayak-lemans.net\/index.php\/wp-json\/wp\/v2\/comments?post=495"}],"version-history":[{"count":55,"href":"http:\/\/www.canoekayak-lemans.net\/index.php\/wp-json\/wp\/v2\/posts\/495\/revisions"}],"predecessor-version":[{"id":558,"href":"http:\/\/www.canoekayak-lemans.net\/index.php\/wp-json\/wp\/v2\/posts\/495\/revisions\/558"}],"wp:attachment":[{"href":"http:\/\/www.canoekayak-lemans.net\/index.php\/wp-json\/wp\/v2\/media?parent=495"}],"wp:term":[{"taxonomy":"category","embeddable":true,"href":"http:\/\/www.canoekayak-lemans.net\/index.php\/wp-json\/wp\/v2\/categories?post=495"},{"taxonomy":"post_tag","embeddable":true,"href":"http:\/\/www.canoekayak-lemans.net\/index.php\/wp-json\/wp\/v2\/tags?post=495"}],"curies":[{"name":"wp","href":"https:\/\/api.w.org\/{rel}","templated":true}]}}