{"id":984,"date":"2024-10-14T11:43:30","date_gmt":"2024-10-14T09:43:30","guid":{"rendered":"http:\/\/www.canoekayak-lemans.net\/?p=984"},"modified":"2024-10-14T11:45:58","modified_gmt":"2024-10-14T09:45:58","slug":"st-pierre-de-boeuf-13-10-2024","status":"publish","type":"post","link":"http:\/\/www.canoekayak-lemans.net\/index.php\/2024\/10\/14\/st-pierre-de-boeuf-13-10-2024\/","title":{"rendered":"St Pierre de Boeuf 13.10.2024"},"content":{"rendered":"\n<p>Participation de Nathan au s\u00e9l\u00e9ctif de St Pierre de Boeuf: R\u00e9sultat LE TICKET pour les Frances Sprint \u00e0 VAYRE, Ils seront 2 en C1 aux Frances descente Nathan U 18 et Matt\u00e9o U 15<\/p>\n\n\n\n<p>Bravo \u00e0 vous.<\/p>\n\n\n\n<p>Didier<\/p>\n\n\n\n<figure class=\"wp-block-image size-full\"><img loading=\"lazy\" decoding=\"async\" width=\"1200\" height=\"1600\" src=\"http:\/\/www.canoekayak-lemans.net\/wp-content\/uploads\/2024\/10\/st-pierre-de-beoeuf-nathan-13.10-1.jpg\" alt=\"\" class=\"wp-image-985\" srcset=\"http:\/\/www.canoekayak-lemans.net\/wp-content\/uploads\/2024\/10\/st-pierre-de-beoeuf-nathan-13.10-1.jpg 1200w, http:\/\/www.canoekayak-lemans.net\/wp-content\/uploads\/2024\/10\/st-pierre-de-beoeuf-nathan-13.10-1-225x300.jpg 225w\" sizes=\"auto, (max-width: 1200px) 100vw, 1200px\" \/><\/figure>\n\n\n\n<figure class=\"wp-block-image size-large\"><img loading=\"lazy\" decoding=\"async\" width=\"768\" height=\"1024\" src=\"http:\/\/www.canoekayak-lemans.net\/wp-content\/uploads\/2024\/10\/st-pierre-de-beoeuf-nathan-13.10-3-768x1024.jpg\" alt=\"\" class=\"wp-image-987\" srcset=\"http:\/\/www.canoekayak-lemans.net\/wp-content\/uploads\/2024\/10\/st-pierre-de-beoeuf-nathan-13.10-3-768x1024.jpg 768w, http:\/\/www.canoekayak-lemans.net\/wp-content\/uploads\/2024\/10\/st-pierre-de-beoeuf-nathan-13.10-3-225x300.jpg 225w, http:\/\/www.canoekayak-lemans.net\/wp-content\/uploads\/2024\/10\/st-pierre-de-beoeuf-nathan-13.10-3.jpg 1200w\" sizes=\"auto, (max-width: 768px) 100vw, 768px\" \/><\/figure>\n\n\n\n<figure class=\"wp-block-embed is-type-video is-provider-youtube wp-block-embed-youtube wp-embed-aspect-16-9 wp-has-aspect-ratio\"><div class=\"wp-block-embed__wrapper\">\n<iframe loading=\"lazy\" title=\"st pierre de beoeuf nathan 13 10 2\" width=\"640\" height=\"360\" src=\"https:\/\/www.youtube.com\/embed\/FCY-O38WwkY?feature=oembed\" frameborder=\"0\" allow=\"accelerometer; autoplay; clipboard-write; encrypted-media; gyroscope; picture-in-picture; web-share\" referrerpolicy=\"strict-origin-when-cross-origin\" allowfullscreen><\/iframe>\n<\/div><\/figure>\n\n\n\n<p><\/p>\n\n\n\n<figure class=\"wp-block-embed is-type-video is-provider-youtube wp-block-embed-youtube wp-embed-aspect-16-9 wp-has-aspect-ratio\"><div class=\"wp-block-embed__wrapper\">\n<iframe loading=\"lazy\" title=\"st pierre de beoeuf nathan 13 10 2\" width=\"640\" height=\"360\" src=\"https:\/\/www.youtube.com\/embed\/FCY-O38WwkY?feature=oembed\" frameborder=\"0\" allow=\"accelerometer; autoplay; clipboard-write; encrypted-media; gyroscope; picture-in-picture; web-share\" referrerpolicy=\"strict-origin-when-cross-origin\" allowfullscreen><\/iframe>\n<\/div><\/figure>\n\n\n\n<figure class=\"wp-block-embed is-type-video is-provider-youtube wp-block-embed-youtube wp-embed-aspect-4-3 wp-has-aspect-ratio\"><div class=\"wp-block-embed__wrapper\">\nhttps:\/\/youtube.com\/shorts\/Sqf3SDMCQEg\n<\/div><\/figure>\n","protected":false},"excerpt":{"rendered":"<p>Participation de Nathan au s\u00e9l\u00e9ctif de St Pierre de Boeuf: R\u00e9sultat LE TICKET pour les Frances Sprint \u00e0 VAYRE, Ils seront 2 en C1 aux Frances descente Nathan U 18 et Matt\u00e9o U 15 Bravo \u00e0 vous. Didier<\/p>\n","protected":false},"author":1,"featured_media":0,"comment_status":"open","ping_status":"open","sticky":false,"template":"","format":"standard","meta":{"iawp_total_views":41,"footnotes":""},"categories":[1],"tags":[],"class_list":["post-984","post","type-post","status-publish","format-standard","hentry","category-non-classe","et-post-article","et-default-post-layout"],"_links":{"self":[{"href":"http:\/\/www.canoekayak-lemans.net\/index.php\/wp-json\/wp\/v2\/posts\/984","targetHints":{"allow":["GET"]}}],"collection":[{"href":"http:\/\/www.canoekayak-lemans.net\/index.php\/wp-json\/wp\/v2\/posts"}],"about":[{"href":"http:\/\/www.canoekayak-lemans.net\/index.php\/wp-json\/wp\/v2\/types\/post"}],"author":[{"embeddable":true,"href":"http:\/\/www.canoekayak-lemans.net\/index.php\/wp-json\/wp\/v2\/users\/1"}],"replies":[{"embeddable":true,"href":"http:\/\/www.canoekayak-lemans.net\/index.php\/wp-json\/wp\/v2\/comments?post=984"}],"version-history":[{"count":1,"href":"http:\/\/www.canoekayak-lemans.net\/index.php\/wp-json\/wp\/v2\/posts\/984\/revisions"}],"predecessor-version":[{"id":989,"href":"http:\/\/www.canoekayak-lemans.net\/index.php\/wp-json\/wp\/v2\/posts\/984\/revisions\/989"}],"wp:attachment":[{"href":"http:\/\/www.canoekayak-lemans.net\/index.php\/wp-json\/wp\/v2\/media?parent=984"}],"wp:term":[{"taxonomy":"category","embeddable":true,"href":"http:\/\/www.canoekayak-lemans.net\/index.php\/wp-json\/wp\/v2\/categories?post=984"},{"taxonomy":"post_tag","embeddable":true,"href":"http:\/\/www.canoekayak-lemans.net\/index.php\/wp-json\/wp\/v2\/tags?post=984"}],"curies":[{"name":"wp","href":"https:\/\/api.w.org\/{rel}","templated":true}]}}